{"id":2935,"date":"2020-04-01T08:41:20","date_gmt":"2020-04-01T06:41:20","guid":{"rendered":"https:\/\/test.komma-forschung.de\/neues-mitglied-in-der-komma-geschaeftsfuehrung-stefan-braun-kommt-von-swarovski\/"},"modified":"2025-11-25T10:22:16","modified_gmt":"2025-11-25T09:22:16","slug":"new-managing-director-former-swarowski-manager-stefan-braun-joins-the-komma-team","status":"publish","type":"post","link":"https:\/\/www.komma-forschung.de\/en\/new-managing-director-former-swarowski-manager-stefan-braun-joins-the-komma-team\/","title":{"rendered":"New managing director \u2013 former Swarosvki manager Stefan Braun joins the komma team"},"content":{"rendered":"\n<style type=\"text\/css\" data-created_by=\"avia_inline_auto\" id=\"style-css-av-mcswb52x-319133c9c94c498e0c45acbc94cbd2a4\">\n#top .hr.hr-invisible.av-mcswb52x-319133c9c94c498e0c45acbc94cbd2a4{\nheight:50px;\n}\n<\/style>\n<div  class='hr av-mcswb52x-319133c9c94c498e0c45acbc94cbd2a4 hr-invisible  avia-builder-el-0  el_before_av_section  avia-builder-el-no-sibling '><span class='hr-inner '><span class=\"hr-inner-style\"><\/span><\/span><\/div>\n<\/div><\/div><\/div><!-- close content main div --><\/div><\/div><div id='av_section_1'  class='avia-section av-ggzd7-e015b82407531185e7f9706dd2753408 main_color avia-section-default avia-no-border-styling  avia-builder-el-1  el_after_av_hr  avia-builder-el-last  avia-bg-style-scroll container_wrap fullsize'  ><div class='container av-section-cont-open' ><div class='template-page content  av-content-full alpha units'><div class='post-entry post-entry-type-page post-entry-2935'><div class='entry-content-wrapper clearfix'>\n<div  class='flex_column av-mcswccve-87ffbde93380ae87fbeca9b020d67383 av_one_fifth  avia-builder-el-2  el_before_av_three_fifth  avia-builder-el-first  first av-break-at-tablet flex_column_div  '     ><\/div><div  class='flex_column av-gey2b-21ef5fc1660299b9caa2deae1ce90ca2 av_three_fifth  avia-builder-el-3  el_after_av_one_fifth  el_before_av_one_fifth  av-break-at-tablet flex_column_div  '     ><style type=\"text\/css\" data-created_by=\"avia_inline_auto\" id=\"style-css-av-mgaxs1gy-3859097696f15c8f0a5609f2d96dae95\">\n.avia-image-container.av-mgaxs1gy-3859097696f15c8f0a5609f2d96dae95 img.avia_image{\nbox-shadow:none;\n}\n.avia-image-container.av-mgaxs1gy-3859097696f15c8f0a5609f2d96dae95 .av-image-caption-overlay-center{\ncolor:#ffffff;\n}\n<\/style>\n<div  class='avia-image-container av-mgaxs1gy-3859097696f15c8f0a5609f2d96dae95 av-styling- avia-align-left  avia-builder-el-4  avia-builder-el-no-sibling '   itemprop=\"image\" itemscope=\"itemscope\" itemtype=\"https:\/\/schema.org\/ImageObject\" ><div class=\"avia-image-container-inner\"><div class=\"avia-image-overlay-wrap\"><img decoding=\"async\" fetchpriority=\"high\" class='wp-image-2407 avia-img-lazy-loading-not-2407 avia_image ' src=\"https:\/\/www.komma-forschung.de\/wp-content\/uploads\/2025\/10\/Stefan_Braun_Geschaeftsfuehrer_komma_Team-300x300.jpg\" alt='Stefan Braun Gesch\u00e4ftsf\u00fchrer komma Team' title='Stefan_Braun_Gesch\u00e4ftsf\u00fchrer_komma_Team'  height=\"300\" width=\"300\"  itemprop=\"thumbnailUrl\" srcset=\"https:\/\/www.komma-forschung.de\/wp-content\/uploads\/2025\/10\/Stefan_Braun_Geschaeftsfuehrer_komma_Team-300x300.jpg 300w, https:\/\/www.komma-forschung.de\/wp-content\/uploads\/2025\/10\/Stefan_Braun_Geschaeftsfuehrer_komma_Team-80x80.jpg 80w, https:\/\/www.komma-forschung.de\/wp-content\/uploads\/2025\/10\/Stefan_Braun_Geschaeftsfuehrer_komma_Team-36x36.jpg 36w, https:\/\/www.komma-forschung.de\/wp-content\/uploads\/2025\/10\/Stefan_Braun_Geschaeftsfuehrer_komma_Team-180x180.jpg 180w, https:\/\/www.komma-forschung.de\/wp-content\/uploads\/2025\/10\/Stefan_Braun_Geschaeftsfuehrer_komma_Team-705x705.jpg 705w, https:\/\/www.komma-forschung.de\/wp-content\/uploads\/2025\/10\/Stefan_Braun_Geschaeftsfuehrer_komma_Team-423x423.jpg 423w, https:\/\/www.komma-forschung.de\/wp-content\/uploads\/2025\/10\/Stefan_Braun_Geschaeftsfuehrer_komma_Team.jpg 732w\" sizes=\"(max-width: 300px) 100vw, 300px\" \/><\/div><\/div><\/div><\/div><div  class='flex_column av-b1cxf-e5153acafb1fe04767c57f822ab87b49 av_one_fifth  avia-builder-el-5  el_after_av_three_fifth  el_before_av_one_fifth  av-break-at-tablet flex_column_div  '     ><\/div><div  class='flex_column av-7fuqn5-110cea94d3a558a6aeb5f882d97e5ffd av_one_fifth  avia-builder-el-6  el_after_av_one_fifth  el_before_av_three_fifth  first flex_column_div  column-top-margin'     ><\/div><div  class='flex_column av-6fc0e9-39e561a977426c76af398af371b0e8a9 av_three_fifth  avia-builder-el-7  el_after_av_one_fifth  el_before_av_one_fifth  flex_column_div  column-top-margin'     ><section  class='av_textblock_section av-43jofl-676f2601b8a7b2ace4b50480aaa2dc45 '   itemscope=\"itemscope\" itemtype=\"https:\/\/schema.org\/BlogPosting\" itemprop=\"blogPost\" ><div class='avia_textblock'  itemprop=\"text\" ><p>Stefan Braun complements the komma research and consulting GmbH as managing director since April 2020. Together with Uwe Braun and Prof. Dr. Stefan Tuschl, they represent the management team. With Stefan\u2019s expertise, komma extends its portfolio by brand management topics for consumer goods and corporate market research, next to institutional market research expertise and scientific research. At Swarovski, Stefan Braun was responsible for global strategic brand management, as well as global consumer and market insights, among others.<\/p>\n<\/div><\/section><\/div><div  class='flex_column av-37czgx-4b5a3f8e2da2ab7b286423b73441ed8e av_one_fifth  avia-builder-el-9  el_after_av_three_fifth  avia-builder-el-last  flex_column_div  column-top-margin'     ><\/div>\n","protected":false},"excerpt":{"rendered":"<p>Stefan Braun complements the komma research and consulting GmbH as managing director since April 2020. Together with Uwe Braun and Prof. Dr. Stefan Tuschl, they represent the management team. With Stefan\u2019s expertise, komma extends its portfolio by brand management topics for consumer goods and corporate market research, next to institutional market research expertise and scientific research.<\/p>\n","protected":false},"author":4,"featured_media":2933,"comment_status":"closed","ping_status":"closed","sticky":false,"template":"","format":"standard","meta":{"footnotes":""},"categories":[11],"tags":[],"class_list":["post-2935","post","type-post","status-publish","format-standard","has-post-thumbnail","hentry","category-uncategorized-en"],"yoast_head":"<!-- This site is optimized with the Yoast SEO plugin v27.4 - https:\/\/yoast.com\/product\/yoast-seo-wordpress\/ -->\n<title>New managing director \u2013 former Swarosvki manager Stefan Braun joins the komma team - Marktforschung zu Kommunikation und Marke - komma GmbH<\/title>\n<meta name=\"robots\" content=\"index, follow, max-snippet:-1, max-image-preview:large, max-video-preview:-1\" \/>\n<link rel=\"canonical\" href=\"https:\/\/www.komma-forschung.de\/en\/new-managing-director-former-swarowski-manager-stefan-braun-joins-the-komma-team\/\" \/>\n<meta property=\"og:locale\" content=\"en_US\" \/>\n<meta property=\"og:type\" content=\"article\" \/>\n<meta property=\"og:title\" content=\"New managing director \u2013 former Swarosvki manager Stefan Braun joins the komma team - Marktforschung zu Kommunikation und Marke - komma GmbH\" \/>\n<meta property=\"og:description\" content=\"Stefan Braun complements the komma research and consulting GmbH as managing director since April 2020. Together with Uwe Braun and Prof. Dr. Stefan Tuschl, they represent the management team. With Stefan\u2019s expertise, komma extends its portfolio by brand management topics for consumer goods and corporate market research, next to institutional market research expertise and scientific research.\" \/>\n<meta property=\"og:url\" content=\"https:\/\/www.komma-forschung.de\/en\/new-managing-director-former-swarowski-manager-stefan-braun-joins-the-komma-team\/\" \/>\n<meta property=\"og:site_name\" content=\"Marktforschung zu Kommunikation und Marke - komma GmbH\" \/>\n<meta property=\"article:published_time\" content=\"2020-04-01T06:41:20+00:00\" \/>\n<meta property=\"article:modified_time\" content=\"2025-11-25T09:22:16+00:00\" \/>\n<meta property=\"og:image\" content=\"https:\/\/www.komma-forschung.de\/wp-content\/uploads\/2025\/10\/Stefan_Braun_Geschaeftsfuehrer_komma_Team.jpg\" \/>\n\t<meta property=\"og:image:width\" content=\"732\" \/>\n\t<meta property=\"og:image:height\" content=\"732\" \/>\n\t<meta property=\"og:image:type\" content=\"image\/jpeg\" \/>\n<meta name=\"author\" content=\"Anton\" \/>\n<meta name=\"twitter:label1\" content=\"Written by\" \/>\n\t<meta name=\"twitter:data1\" content=\"Anton\" \/>\n\t<meta name=\"twitter:label2\" content=\"Est. reading time\" \/>\n\t<meta name=\"twitter:data2\" content=\"2 minutes\" \/>\n<script type=\"application\/ld+json\" class=\"yoast-schema-graph\">{\"@context\":\"https:\\\/\\\/schema.org\",\"@graph\":[{\"@type\":\"Article\",\"@id\":\"https:\\\/\\\/www.komma-forschung.de\\\/en\\\/new-managing-director-former-swarowski-manager-stefan-braun-joins-the-komma-team\\\/#article\",\"isPartOf\":{\"@id\":\"https:\\\/\\\/www.komma-forschung.de\\\/en\\\/new-managing-director-former-swarowski-manager-stefan-braun-joins-the-komma-team\\\/\"},\"author\":{\"name\":\"Anton\",\"@id\":\"https:\\\/\\\/www.komma-forschung.de\\\/en\\\/#\\\/schema\\\/person\\\/887f23f260b255ac065dba2dd97d4bc7\"},\"headline\":\"New managing director \u2013 former Swarosvki manager Stefan Braun joins the komma team\",\"datePublished\":\"2020-04-01T06:41:20+00:00\",\"dateModified\":\"2025-11-25T09:22:16+00:00\",\"mainEntityOfPage\":{\"@id\":\"https:\\\/\\\/www.komma-forschung.de\\\/en\\\/new-managing-director-former-swarowski-manager-stefan-braun-joins-the-komma-team\\\/\"},\"wordCount\":2697,\"publisher\":{\"@id\":\"https:\\\/\\\/www.komma-forschung.de\\\/en\\\/#organization\"},\"image\":{\"@id\":\"https:\\\/\\\/www.komma-forschung.de\\\/en\\\/new-managing-director-former-swarowski-manager-stefan-braun-joins-the-komma-team\\\/#primaryimage\"},\"thumbnailUrl\":\"https:\\\/\\\/www.komma-forschung.de\\\/wp-content\\\/uploads\\\/2020\\\/04\\\/Stefan_Braun-scaled.jpg\",\"inLanguage\":\"en-US\"},{\"@type\":\"WebPage\",\"@id\":\"https:\\\/\\\/www.komma-forschung.de\\\/en\\\/new-managing-director-former-swarowski-manager-stefan-braun-joins-the-komma-team\\\/\",\"url\":\"https:\\\/\\\/www.komma-forschung.de\\\/en\\\/new-managing-director-former-swarowski-manager-stefan-braun-joins-the-komma-team\\\/\",\"name\":\"New managing director \u2013 former Swarosvki manager Stefan Braun joins the komma team - Marktforschung zu Kommunikation und Marke - komma GmbH\",\"isPartOf\":{\"@id\":\"https:\\\/\\\/www.komma-forschung.de\\\/en\\\/#website\"},\"primaryImageOfPage\":{\"@id\":\"https:\\\/\\\/www.komma-forschung.de\\\/en\\\/new-managing-director-former-swarowski-manager-stefan-braun-joins-the-komma-team\\\/#primaryimage\"},\"image\":{\"@id\":\"https:\\\/\\\/www.komma-forschung.de\\\/en\\\/new-managing-director-former-swarowski-manager-stefan-braun-joins-the-komma-team\\\/#primaryimage\"},\"thumbnailUrl\":\"https:\\\/\\\/www.komma-forschung.de\\\/wp-content\\\/uploads\\\/2020\\\/04\\\/Stefan_Braun-scaled.jpg\",\"datePublished\":\"2020-04-01T06:41:20+00:00\",\"dateModified\":\"2025-11-25T09:22:16+00:00\",\"breadcrumb\":{\"@id\":\"https:\\\/\\\/www.komma-forschung.de\\\/en\\\/new-managing-director-former-swarowski-manager-stefan-braun-joins-the-komma-team\\\/#breadcrumb\"},\"inLanguage\":\"en-US\",\"potentialAction\":[{\"@type\":\"ReadAction\",\"target\":[\"https:\\\/\\\/www.komma-forschung.de\\\/en\\\/new-managing-director-former-swarowski-manager-stefan-braun-joins-the-komma-team\\\/\"]}]},{\"@type\":\"ImageObject\",\"inLanguage\":\"en-US\",\"@id\":\"https:\\\/\\\/www.komma-forschung.de\\\/en\\\/new-managing-director-former-swarowski-manager-stefan-braun-joins-the-komma-team\\\/#primaryimage\",\"url\":\"https:\\\/\\\/www.komma-forschung.de\\\/wp-content\\\/uploads\\\/2020\\\/04\\\/Stefan_Braun-scaled.jpg\",\"contentUrl\":\"https:\\\/\\\/www.komma-forschung.de\\\/wp-content\\\/uploads\\\/2020\\\/04\\\/Stefan_Braun-scaled.jpg\",\"width\":2560,\"height\":2560,\"caption\":\"Stefan Braun\"},{\"@type\":\"BreadcrumbList\",\"@id\":\"https:\\\/\\\/www.komma-forschung.de\\\/en\\\/new-managing-director-former-swarowski-manager-stefan-braun-joins-the-komma-team\\\/#breadcrumb\",\"itemListElement\":[{\"@type\":\"ListItem\",\"position\":1,\"name\":\"Startseite\",\"item\":\"https:\\\/\\\/www.komma-forschung.de\\\/en\\\/\"},{\"@type\":\"ListItem\",\"position\":2,\"name\":\"New managing director \u2013 former Swarosvki manager Stefan Braun joins the komma team\"}]},{\"@type\":\"WebSite\",\"@id\":\"https:\\\/\\\/www.komma-forschung.de\\\/en\\\/#website\",\"url\":\"https:\\\/\\\/www.komma-forschung.de\\\/en\\\/\",\"name\":\"Marktforschung zu Kommunikation und Marke - komma GmbH\",\"description\":\"komma 2024 erneut als eine der besten Marktforschungsagenturen ausgezeichnet\",\"publisher\":{\"@id\":\"https:\\\/\\\/www.komma-forschung.de\\\/en\\\/#organization\"},\"potentialAction\":[{\"@type\":\"SearchAction\",\"target\":{\"@type\":\"EntryPoint\",\"urlTemplate\":\"https:\\\/\\\/www.komma-forschung.de\\\/en\\\/?s={search_term_string}\"},\"query-input\":{\"@type\":\"PropertyValueSpecification\",\"valueRequired\":true,\"valueName\":\"search_term_string\"}}],\"inLanguage\":\"en-US\"},{\"@type\":\"Organization\",\"@id\":\"https:\\\/\\\/www.komma-forschung.de\\\/en\\\/#organization\",\"name\":\"komma Forschung und Beratung\",\"alternateName\":\"komma Forschungs- und Beratungsgesellschaft mbH\",\"url\":\"https:\\\/\\\/www.komma-forschung.de\\\/en\\\/\",\"logo\":{\"@type\":\"ImageObject\",\"inLanguage\":\"en-US\",\"@id\":\"https:\\\/\\\/www.komma-forschung.de\\\/en\\\/#\\\/schema\\\/logo\\\/image\\\/\",\"url\":\"https:\\\/\\\/www.komma-forschung.de\\\/wp-content\\\/uploads\\\/2025\\\/10\\\/komma-logo-2-1.png\",\"contentUrl\":\"https:\\\/\\\/www.komma-forschung.de\\\/wp-content\\\/uploads\\\/2025\\\/10\\\/komma-logo-2-1.png\",\"width\":300,\"height\":144,\"caption\":\"komma Forschung und Beratung\"},\"image\":{\"@id\":\"https:\\\/\\\/www.komma-forschung.de\\\/en\\\/#\\\/schema\\\/logo\\\/image\\\/\"}},{\"@type\":\"Person\",\"@id\":\"https:\\\/\\\/www.komma-forschung.de\\\/en\\\/#\\\/schema\\\/person\\\/887f23f260b255ac065dba2dd97d4bc7\",\"name\":\"Anton\",\"url\":\"https:\\\/\\\/www.komma-forschung.de\\\/en\\\/author\\\/anton\\\/\"}]}<\/script>\n<!-- \/ Yoast SEO plugin. -->","yoast_head_json":{"title":"New managing director \u2013 former Swarosvki manager Stefan Braun joins the komma team - Marktforschung zu Kommunikation und Marke - komma GmbH","robots":{"index":"index","follow":"follow","max-snippet":"max-snippet:-1","max-image-preview":"max-image-preview:large","max-video-preview":"max-video-preview:-1"},"canonical":"https:\/\/www.komma-forschung.de\/en\/new-managing-director-former-swarowski-manager-stefan-braun-joins-the-komma-team\/","og_locale":"en_US","og_type":"article","og_title":"New managing director \u2013 former Swarosvki manager Stefan Braun joins the komma team - Marktforschung zu Kommunikation und Marke - komma GmbH","og_description":"Stefan Braun complements the komma research and consulting GmbH as managing director since April 2020. Together with Uwe Braun and Prof. Dr. Stefan Tuschl, they represent the management team. With Stefan\u2019s expertise, komma extends its portfolio by brand management topics for consumer goods and corporate market research, next to institutional market research expertise and scientific research.","og_url":"https:\/\/www.komma-forschung.de\/en\/new-managing-director-former-swarowski-manager-stefan-braun-joins-the-komma-team\/","og_site_name":"Marktforschung zu Kommunikation und Marke - komma GmbH","article_published_time":"2020-04-01T06:41:20+00:00","article_modified_time":"2025-11-25T09:22:16+00:00","og_image":[{"width":732,"height":732,"url":"https:\/\/www.komma-forschung.de\/wp-content\/uploads\/2025\/10\/Stefan_Braun_Geschaeftsfuehrer_komma_Team.jpg","type":"image\/jpeg"}],"author":"Anton","twitter_misc":{"Written by":"Anton","Est. reading time":"2 minutes"},"schema":{"@context":"https:\/\/schema.org","@graph":[{"@type":"Article","@id":"https:\/\/www.komma-forschung.de\/en\/new-managing-director-former-swarowski-manager-stefan-braun-joins-the-komma-team\/#article","isPartOf":{"@id":"https:\/\/www.komma-forschung.de\/en\/new-managing-director-former-swarowski-manager-stefan-braun-joins-the-komma-team\/"},"author":{"name":"Anton","@id":"https:\/\/www.komma-forschung.de\/en\/#\/schema\/person\/887f23f260b255ac065dba2dd97d4bc7"},"headline":"New managing director \u2013 former Swarosvki manager Stefan Braun joins the komma team","datePublished":"2020-04-01T06:41:20+00:00","dateModified":"2025-11-25T09:22:16+00:00","mainEntityOfPage":{"@id":"https:\/\/www.komma-forschung.de\/en\/new-managing-director-former-swarowski-manager-stefan-braun-joins-the-komma-team\/"},"wordCount":2697,"publisher":{"@id":"https:\/\/www.komma-forschung.de\/en\/#organization"},"image":{"@id":"https:\/\/www.komma-forschung.de\/en\/new-managing-director-former-swarowski-manager-stefan-braun-joins-the-komma-team\/#primaryimage"},"thumbnailUrl":"https:\/\/www.komma-forschung.de\/wp-content\/uploads\/2020\/04\/Stefan_Braun-scaled.jpg","inLanguage":"en-US"},{"@type":"WebPage","@id":"https:\/\/www.komma-forschung.de\/en\/new-managing-director-former-swarowski-manager-stefan-braun-joins-the-komma-team\/","url":"https:\/\/www.komma-forschung.de\/en\/new-managing-director-former-swarowski-manager-stefan-braun-joins-the-komma-team\/","name":"New managing director \u2013 former Swarosvki manager Stefan Braun joins the komma team - Marktforschung zu Kommunikation und Marke - komma GmbH","isPartOf":{"@id":"https:\/\/www.komma-forschung.de\/en\/#website"},"primaryImageOfPage":{"@id":"https:\/\/www.komma-forschung.de\/en\/new-managing-director-former-swarowski-manager-stefan-braun-joins-the-komma-team\/#primaryimage"},"image":{"@id":"https:\/\/www.komma-forschung.de\/en\/new-managing-director-former-swarowski-manager-stefan-braun-joins-the-komma-team\/#primaryimage"},"thumbnailUrl":"https:\/\/www.komma-forschung.de\/wp-content\/uploads\/2020\/04\/Stefan_Braun-scaled.jpg","datePublished":"2020-04-01T06:41:20+00:00","dateModified":"2025-11-25T09:22:16+00:00","breadcrumb":{"@id":"https:\/\/www.komma-forschung.de\/en\/new-managing-director-former-swarowski-manager-stefan-braun-joins-the-komma-team\/#breadcrumb"},"inLanguage":"en-US","potentialAction":[{"@type":"ReadAction","target":["https:\/\/www.komma-forschung.de\/en\/new-managing-director-former-swarowski-manager-stefan-braun-joins-the-komma-team\/"]}]},{"@type":"ImageObject","inLanguage":"en-US","@id":"https:\/\/www.komma-forschung.de\/en\/new-managing-director-former-swarowski-manager-stefan-braun-joins-the-komma-team\/#primaryimage","url":"https:\/\/www.komma-forschung.de\/wp-content\/uploads\/2020\/04\/Stefan_Braun-scaled.jpg","contentUrl":"https:\/\/www.komma-forschung.de\/wp-content\/uploads\/2020\/04\/Stefan_Braun-scaled.jpg","width":2560,"height":2560,"caption":"Stefan Braun"},{"@type":"BreadcrumbList","@id":"https:\/\/www.komma-forschung.de\/en\/new-managing-director-former-swarowski-manager-stefan-braun-joins-the-komma-team\/#breadcrumb","itemListElement":[{"@type":"ListItem","position":1,"name":"Startseite","item":"https:\/\/www.komma-forschung.de\/en\/"},{"@type":"ListItem","position":2,"name":"New managing director \u2013 former Swarosvki manager Stefan Braun joins the komma team"}]},{"@type":"WebSite","@id":"https:\/\/www.komma-forschung.de\/en\/#website","url":"https:\/\/www.komma-forschung.de\/en\/","name":"Marktforschung zu Kommunikation und Marke - komma GmbH","description":"komma 2024 erneut als eine der besten Marktforschungsagenturen ausgezeichnet","publisher":{"@id":"https:\/\/www.komma-forschung.de\/en\/#organization"},"potentialAction":[{"@type":"SearchAction","target":{"@type":"EntryPoint","urlTemplate":"https:\/\/www.komma-forschung.de\/en\/?s={search_term_string}"},"query-input":{"@type":"PropertyValueSpecification","valueRequired":true,"valueName":"search_term_string"}}],"inLanguage":"en-US"},{"@type":"Organization","@id":"https:\/\/www.komma-forschung.de\/en\/#organization","name":"komma Forschung und Beratung","alternateName":"komma Forschungs- und Beratungsgesellschaft mbH","url":"https:\/\/www.komma-forschung.de\/en\/","logo":{"@type":"ImageObject","inLanguage":"en-US","@id":"https:\/\/www.komma-forschung.de\/en\/#\/schema\/logo\/image\/","url":"https:\/\/www.komma-forschung.de\/wp-content\/uploads\/2025\/10\/komma-logo-2-1.png","contentUrl":"https:\/\/www.komma-forschung.de\/wp-content\/uploads\/2025\/10\/komma-logo-2-1.png","width":300,"height":144,"caption":"komma Forschung und Beratung"},"image":{"@id":"https:\/\/www.komma-forschung.de\/en\/#\/schema\/logo\/image\/"}},{"@type":"Person","@id":"https:\/\/www.komma-forschung.de\/en\/#\/schema\/person\/887f23f260b255ac065dba2dd97d4bc7","name":"Anton","url":"https:\/\/www.komma-forschung.de\/en\/author\/anton\/"}]}},"_links":{"self":[{"href":"https:\/\/www.komma-forschung.de\/en\/wp-json\/wp\/v2\/posts\/2935","targetHints":{"allow":["GET"]}}],"collection":[{"href":"https:\/\/www.komma-forschung.de\/en\/wp-json\/wp\/v2\/posts"}],"about":[{"href":"https:\/\/www.komma-forschung.de\/en\/wp-json\/wp\/v2\/types\/post"}],"author":[{"embeddable":true,"href":"https:\/\/www.komma-forschung.de\/en\/wp-json\/wp\/v2\/users\/4"}],"replies":[{"embeddable":true,"href":"https:\/\/www.komma-forschung.de\/en\/wp-json\/wp\/v2\/comments?post=2935"}],"version-history":[{"count":5,"href":"https:\/\/www.komma-forschung.de\/en\/wp-json\/wp\/v2\/posts\/2935\/revisions"}],"predecessor-version":[{"id":3403,"href":"https:\/\/www.komma-forschung.de\/en\/wp-json\/wp\/v2\/posts\/2935\/revisions\/3403"}],"wp:featuredmedia":[{"embeddable":true,"href":"https:\/\/www.komma-forschung.de\/en\/wp-json\/wp\/v2\/media\/2933"}],"wp:attachment":[{"href":"https:\/\/www.komma-forschung.de\/en\/wp-json\/wp\/v2\/media?parent=2935"}],"wp:term":[{"taxonomy":"category","embeddable":true,"href":"https:\/\/www.komma-forschung.de\/en\/wp-json\/wp\/v2\/categories?post=2935"},{"taxonomy":"post_tag","embeddable":true,"href":"https:\/\/www.komma-forschung.de\/en\/wp-json\/wp\/v2\/tags?post=2935"}],"curies":[{"name":"wp","href":"https:\/\/api.w.org\/{rel}","templated":true}]}}